{"id":15759,"date":"2023-05-03T10:23:20","date_gmt":"2023-05-03T10:23:20","guid":{"rendered":"https:\/\/site-teste.uem.mz\/?p=15759"},"modified":"2023-05-03T10:23:20","modified_gmt":"2023-05-03T10:23:20","slug":"mulher-continua-sub-representada-nos-orgaos-de-comunicacao-social","status":"publish","type":"post","link":"https:\/\/site-teste.uem.mz\/index.php\/2023\/05\/03\/mulher-continua-sub-representada-nos-orgaos-de-comunicacao-social\/","title":{"rendered":"Mulher continua sub-representada nos \u00f3rg\u00e3os de comunica\u00e7\u00e3o social"},"content":{"rendered":"<figure class=\"wp-block-image\"><img decoding=\"async\" src=\"https:\/\/www.uem.mz\/images\/noticias\/Mulher-CSocial-01.jpg\" alt=\"Mulher-CSocial-01\"\/><\/figure><p>Apesar dos avan\u00e7os, a mulher continua sub-representada nos \u00f3rg\u00e3os de comunica\u00e7\u00e3o social, consideram as painelistas da Mesa Redonda sobre inova\u00e7\u00e3o e tecnologia para igualdade de g\u00e9nero, promovida pela Embaixada da Fran\u00e7a e a Escola de Comunica\u00e7\u00e3o e Artes (ECA), alusiva ao m\u00eas da mulher.<br>Consideram que, regra geral, a mulher continua a ser retratada como dona de casa, cuidadora dos filhos e n\u00e3o como excelente profissional, que pode ser boa advogada, cientista ou astronauta.<br><img decoding=\"async\" src=\"https:\/\/www.uem.mz\/images\/noticias\/Mulher-CSocial-03.jpg\" alt=\"Maria Cremilda Massingue\">Para Maria Cremilda Massingue, jornalista e docente da ECA, houve uma evolu\u00e7\u00e3o em termos de mulheres que trabalham nas redac\u00e7\u00f5es e do n\u00famero de estudantes do sexo feminino no curso de jornalismo.<br>A t\u00edtulo de exemplo, fez notar que, numa turma do 3\u00ba ano em que lecciona, de um total de 25 estudantes, apenas cinco s\u00e3o homens. \u201cA situa\u00e7\u00e3o est\u00e1 a inverter-se numa profiss\u00e3o considerada liberal, que era s\u00f3 para homens\u201d, disse.<br>Todavia, observou que, apesar do crescente n\u00famero de mulheres que se formam em jornalismo, poucas abra\u00e7am efectivamente as redac\u00e7\u00f5es. \u201cA profiss\u00e3o continua a n\u00e3o ser apetec\u00edvel para as mulheres, apesar do crescimento exponencial de mulheres que fazem jornalismo\u201d, frisou.<br>Por sua vez, a apresentadora de televis\u00e3o Eva Trindade, notou que o corpo da mulher est\u00e1 a ganhar primazia nos espa\u00e7os televisivos em detrimento da progress\u00e3o da carreira da mulher. Constatou que a pauta j\u00e1 n\u00e3o \u00e9 mais determinada pelos jornalistas, mas pelos propriet\u00e1rios dos meios de comunica\u00e7\u00e3o, por quererem assuntos de maior audi\u00eancia.<br>Considera que o pa\u00eds \u00e9 campe\u00e3o em adoptar e elaborar dispositivos legais nacionais e internacionais bastante bons e at\u00e9 arrojados, mas que peca na sua implementa\u00e7\u00e3o.<br><img decoding=\"async\" src=\"https:\/\/www.uem.mz\/images\/noticias\/Mulher-CSocial-02.jpg\" alt=\"Eva Trindade\">Na abertura do evento, a Vice-Reitora Acad\u00e9mica da UEM, Prof\u00aa. Doutora Am\u00e1lia Uamusse, fez saber que uma percentagem significativa de mulheres n\u00e3o tem acesso \u00e0 Internet, associado ao Quinto Objectivo de Desenvolvimento Sustent\u00e1vel, que faz refer\u00eancia ao uso de tecnologias como base para promover o empoderamento das mulheres.<br>Segundo a Vice-Reitora da UEM, n\u00e3o obstante os grandes avan\u00e7os alcan\u00e7ados, o m\u00eas da mulher deve ser celebrado com a consci\u00eancia de que ainda h\u00e1 um longo caminho a percorrer e que \u00e9 preciso continuar a promover a participa\u00e7\u00e3o da mulher e a defesa dos seus direitos.<br>O debate tinha como objectivo avaliar a pr\u00e1tica jornal\u00edstica e a perce\u00e7\u00e3o que a sociedade tem sobre igualdade de g\u00e9nero. Foi inspirado no tema do Dia Internacional da Mulher, proposto pela ONU Mulheres, intitulado \u201cInclus\u00e3o Digital: Inova\u00e7\u00e3o e Tecnologias pela Igualdade de G\u00e9nero\u201d.<\/p>","protected":false},"excerpt":{"rendered":"<p>Apesar dos avan\u00e7os, a mulher continua sub-representada nos \u00f3rg\u00e3os de comunica\u00e7\u00e3o social, consideram as painelistas da Mesa Redonda sobre inova\u00e7\u00e3o e tecnologia para igualdade de g\u00e9nero, promovida pela Embaixada da Fran\u00e7a e a Escola de Comunica\u00e7\u00e3o e Artes (ECA), alusiva &hellip; <\/p>\n","protected":false},"author":7,"featured_media":15760,"comment_status":"closed","ping_status":"open","sticky":false,"template":"","format":"standard","meta":{"footnotes":""},"categories":[1],"tags":[],"class_list":["post-15759","post","type-post","status-publish","format-standard","has-post-thumbnail","hentry","category-noticias"],"_links":{"self":[{"href":"https:\/\/site-teste.uem.mz\/index.php\/wp-json\/wp\/v2\/posts\/15759"}],"collection":[{"href":"https:\/\/site-teste.uem.mz\/index.php\/wp-json\/wp\/v2\/posts"}],"about":[{"href":"https:\/\/site-teste.uem.mz\/index.php\/wp-json\/wp\/v2\/types\/post"}],"author":[{"embeddable":true,"href":"https:\/\/site-teste.uem.mz\/index.php\/wp-json\/wp\/v2\/users\/7"}],"replies":[{"embeddable":true,"href":"https:\/\/site-teste.uem.mz\/index.php\/wp-json\/wp\/v2\/comments?post=15759"}],"version-history":[{"count":1,"href":"https:\/\/site-teste.uem.mz\/index.php\/wp-json\/wp\/v2\/posts\/15759\/revisions"}],"predecessor-version":[{"id":15761,"href":"https:\/\/site-teste.uem.mz\/index.php\/wp-json\/wp\/v2\/posts\/15759\/revisions\/15761"}],"wp:featuredmedia":[{"embeddable":true,"href":"https:\/\/site-teste.uem.mz\/index.php\/wp-json\/wp\/v2\/media\/15760"}],"wp:attachment":[{"href":"https:\/\/site-teste.uem.mz\/index.php\/wp-json\/wp\/v2\/media?parent=15759"}],"wp:term":[{"taxonomy":"category","embeddable":true,"href":"https:\/\/site-teste.uem.mz\/index.php\/wp-json\/wp\/v2\/categories?post=15759"},{"taxonomy":"post_tag","embeddable":true,"href":"https:\/\/site-teste.uem.mz\/index.php\/wp-json\/wp\/v2\/tags?post=15759"}],"curies":[{"name":"wp","href":"https:\/\/api.w.org\/{rel}","templated":true}]}}