{"id":13912,"date":"2023-03-01T11:28:04","date_gmt":"2023-03-01T11:28:04","guid":{"rendered":"https:\/\/site-teste.uem.mz\/?p=13912"},"modified":"2023-03-01T11:28:43","modified_gmt":"2023-03-01T11:28:43","slug":"colocar-a-pesquisa-ao-servico-de-aprendizagem-do-estudante","status":"publish","type":"post","link":"https:\/\/site-teste.uem.mz\/index.php\/2023\/03\/01\/colocar-a-pesquisa-ao-servico-de-aprendizagem-do-estudante\/","title":{"rendered":"\u201cColocar a pesquisa ao servi\u00e7o de aprendizagem do estudante\u201d"},"content":{"rendered":"<p><strong>Docente e Pesquisador da UEM, Adriano Uaciquete<\/strong><br>O nosso entrevistado chama-se Adriano Sim\u00e3o Uaciquete, 44 anos de idade, \u00e9 assistente universit\u00e1rio na<br>Faculdade de Educa\u00e7\u00e3o da UEM, e pesquisador na \u00e1rea da Educa\u00e7\u00e3o. Actualmente, a desenvolver um<br>trabalho que procura fortalecer a rela\u00e7\u00e3o entre Ensino e Pesquisa e desenlvimento de compet\u00eancias de<br>estudantes de gradua\u00e7\u00e3o. Segundo ele, este trabalho se encaixa no actual contexto de transforma\u00e7\u00e3o da<br>UEM em Universidade de Investiga\u00e7\u00e3o (UdI).<\/p><p><br>Uaciquete n\u00e3o tem d\u00favidas, toda a actividade de ensino e aprendizagem na Universidade deve ser<br>suportada pela investiga\u00e7\u00e3o. Mas tamb\u00e9m defende a melhoria das condi\u00e7\u00f5es humanas, materiais e dos<br>curricula e incentivo para o exerc\u00edcio pleno da investiga\u00e7\u00e3o na institui\u00e7\u00e3o.<\/p><p><br>Numa conversa simples e descontra\u00edda Adriano Uacique fala-nos dos seus projectos acad\u00e9micos e<br>partilha suas convic\u00e7\u00f5es e opini\u00f5es sobre aspectos a capitalizar nesta impreitada rumo \u00e0 Universidade<br>de Investiga\u00e7\u00e3o.<\/p><p><br><strong>Qual \u00e9 o seu grande projecto neste momento?<\/strong><br>O meu grande projecto neste momento \u00e9 o de Doutoramento na Universidade de Ghent, que surge num<br>contexto particular da mudan\u00e7a do sentido da universidade. Neste caso, a UEM est\u00e1 para ser uma<br>universidade de investiga\u00e7\u00e3o e o meu projecto de pesquisa encaixa-se perfeitamente nesta mudan\u00e7a, a<br>partir do momento que tem como foco a rela\u00e7\u00e3o entre ensino e pesquisa, procurando colocar a<br>pesquisa ao servi\u00e7o de aprendizagem dos alunos. No quadro deste projecto, tenho igualmente<br>desenvolvido treinamento para o incremento de compet\u00eancias de estudantes.<\/p><p><strong><br>Que lacunas identificou nos estudantes para avan\u00e7ar com este treinamento?<\/strong><br>A primeira, tem a ver com o facto de que ao longo da prepara\u00e7\u00e3o dos estudantes h\u00e1 pouca integra\u00e7\u00e3o<br>da pesquisa na aprendizagem. O primeiro estudo apontou que apesar de haver alguma percep\u00e7\u00e3o de<br>que os estudantes fazem pesquisa, entretanto esta integra\u00e7\u00e3o n\u00e3o passa no crivo do m\u00ednimo necess\u00e1rio<br>para o desenvolvimento de compet\u00eancias relacioanadas \u00e0 pesquisa. <\/p><p>Foi por isso que, na fase seguinte, desenvolvemos uma interven\u00e7\u00e3o que nos permitisse incrementar esta compet\u00eancia nos cursos de gradua\u00e7\u00e3o em que estamos envolvidos como docente e simultaneamente pesquisador.<\/p><p><br><strong>Que benef\u00edcios pode se esperar deste treinamento?<\/strong><br>Uma vez que s\u00e3o interven\u00e7\u00f5es que ocorrem no \u00e2mbito da pesquisa, os resultados s\u00e3o importantes para<br>informar a pr\u00e1tica da doc\u00eancia no contexto da universidade e muito concretamente no contexto de<br>transforma\u00e7\u00e3o da UEM em Universidade de Investiga\u00e7\u00e3o. Com estas interven\u00e7\u00f5es geramos evid\u00eancias<br>do que funciona ou n\u00e3o. E, porque estas interven\u00e7\u00f5es s\u00e3o desenvolvidas em salas de aulas, os<br>resultados mostram que os estudantes tiram benef\u00edcio pelo simples facto de estarem envolvidos numa<br>componente cuja preocupa\u00e7\u00e3o \u00e9 refor\u00e7ar esta rela\u00e7\u00e3o entre ensino e pesquisa.<\/p><p><strong>Pode dar exemplo de uma interven\u00e7\u00e3o?<\/strong><br>Para um estudo quase-experimental de design cruzado envolvemos estudantes em dois grupos<br>diferentes com mudan\u00e7a de grupo na fase interm\u00e9dia da interven\u00e7\u00e3o. No final comparamos o impacto e<br>os benef\u00edcios nas compet\u00eancias dos estudantes. Conclu\u00edmos que, apesar de ganhos em ambos os<br>grupos, aqueles estudantes que iniciam a actividade de aprendizagem num contexto fortemente<br>influenciado pela investiga\u00e7\u00e3o t\u00eam maiores ganhos em termos de motiva\u00e7\u00e3o e compet\u00eancia quando<br>comparados com os que come\u00e7am mais tarde. Com isso, queremos dizer que \u00e9 necess\u00e1rio iniciar o<br>envolvimento dos estudantes na investiga\u00e7\u00e3o o mais cedo poss\u00edvel. Com este estudo e outros,<br>contribu\u00edmos com os instrumentos que apresentam propriedades psicom\u00e9tricas robustas e pr\u00e1ticas no<br>contexto de salas de aulas que podem ser adoptadas por outros docentes e pesquisadores no trabalho<br>do dia-a-dia num contexto de uma Universidade de Investiga\u00e7\u00e3o.<\/p><p><br><strong>O que pressup\u00f5e uma Universidade de Investiga\u00e7\u00e3o?<\/strong><br>Pressup\u00f5e que toda a actividade de ensino e aprendizagem deve ser suportada pela investiga\u00e7\u00e3o. Toda a<br>actividade de gest\u00e3o acad\u00e9mica deve ter foco a cria\u00e7\u00e3o de condi\u00e7\u00f5es humanas, materiais e incentivo ao<br>exerc\u00edcio de investiga\u00e7\u00e3o.<\/p>","protected":false},"excerpt":{"rendered":"<p>Docente e Pesquisador da UEM, Adriano UaciqueteO nosso entrevistado chama-se Adriano Sim\u00e3o Uaciquete, 44 anos de idade, \u00e9 assistente universit\u00e1rio naFaculdade de Educa\u00e7\u00e3o da UEM, e pesquisador na \u00e1rea da Educa\u00e7\u00e3o. Actualmente, a desenvolver umtrabalho que procura fortalecer a rela\u00e7\u00e3o &hellip; <\/p>\n","protected":false},"author":7,"featured_media":13726,"comment_status":"closed","ping_status":"open","sticky":false,"template":"","format":"standard","meta":{"footnotes":""},"categories":[162],"tags":[],"class_list":["post-13912","post","type-post","status-publish","format-standard","has-post-thumbnail","hentry","category-slides-down"],"_links":{"self":[{"href":"https:\/\/site-teste.uem.mz\/index.php\/wp-json\/wp\/v2\/posts\/13912"}],"collection":[{"href":"https:\/\/site-teste.uem.mz\/index.php\/wp-json\/wp\/v2\/posts"}],"about":[{"href":"https:\/\/site-teste.uem.mz\/index.php\/wp-json\/wp\/v2\/types\/post"}],"author":[{"embeddable":true,"href":"https:\/\/site-teste.uem.mz\/index.php\/wp-json\/wp\/v2\/users\/7"}],"replies":[{"embeddable":true,"href":"https:\/\/site-teste.uem.mz\/index.php\/wp-json\/wp\/v2\/comments?post=13912"}],"version-history":[{"count":1,"href":"https:\/\/site-teste.uem.mz\/index.php\/wp-json\/wp\/v2\/posts\/13912\/revisions"}],"predecessor-version":[{"id":13913,"href":"https:\/\/site-teste.uem.mz\/index.php\/wp-json\/wp\/v2\/posts\/13912\/revisions\/13913"}],"wp:featuredmedia":[{"embeddable":true,"href":"https:\/\/site-teste.uem.mz\/index.php\/wp-json\/wp\/v2\/media\/13726"}],"wp:attachment":[{"href":"https:\/\/site-teste.uem.mz\/index.php\/wp-json\/wp\/v2\/media?parent=13912"}],"wp:term":[{"taxonomy":"category","embeddable":true,"href":"https:\/\/site-teste.uem.mz\/index.php\/wp-json\/wp\/v2\/categories?post=13912"},{"taxonomy":"post_tag","embeddable":true,"href":"https:\/\/site-teste.uem.mz\/index.php\/wp-json\/wp\/v2\/tags?post=13912"}],"curies":[{"name":"wp","href":"https:\/\/api.w.org\/{rel}","templated":true}]}}